{"id":2791,"date":"2022-03-02T22:42:30","date_gmt":"2022-03-02T21:42:30","guid":{"rendered":"http:\/\/ferraramusica.it\/?p=2791"},"modified":"2022-03-11T10:44:49","modified_gmt":"2022-03-11T09:44:49","slug":"the-euyo-2022-residency-is-approaching","status":"publish","type":"post","link":"https:\/\/ferraramusica.it\/en\/the-euyo-2022-residency-is-approaching\/","title":{"rendered":"The EUYO 2022 residency is approaching!"},"content":{"rendered":"\n<p class=\"has-medium-font-size\">The <strong>European Union Youth Orchestra<\/strong> <strong>spring residency<\/strong> is just a few weeks away! We can&#8217;t wait to welcome them in our beautiful city and see them play on our stage! <\/p>\n\n\n\n<p class=\"has-medium-font-size\">EUYO will stay in Ferrara for three weeks from <strong>March 14 to March 30<\/strong> and will play <strong>three concerts<\/strong>, one of which has specifically been designed with and educational purpose in mind and has been titled <em>Pi\u00f9 che classica! Music minus the rules<\/em>.<\/p>\n\n\n\n<p class=\"has-medium-font-size\">Here&#8217;s a list of all the events (you can&#8217;t miss them!):<\/p>\n\n\n\n<p class=\"has-normal-font-size\"><strong><a rel=\"noreferrer noopener\" href=\"https:\/\/ferraramusica.it\/eventi\/euyo-chan-gabetta\/\" target=\"_blank\">friday 25 March 8:30pm<\/a><\/strong><br>European Union Youth Orchestra<br>Elim Chan conductor<br>Sol Gabetta cello<br>music by Klyne, Weinberg and Rachmaninoff <\/p>\n\n\n\n<p class=\"has-normal-font-size\"><strong><a rel=\"noreferrer noopener\" href=\"https:\/\/ferraramusica.it\/eventi\/piu-che-classica\/\" target=\"_blank\">sunday 27 March 2022 4pm<\/a><\/strong><br><em>Pi\u00f9 che classica!<\/em><br>European Union Youth Orchestra<br>Peter Stark conductor<br>Fabio Sartorelli presenter<br><em><em>A guide to the heart of music. A tale about Bartok\u2019s Concerto for orchestra.<\/em><\/em> (Event held in italian)<\/p>\n\n\n\n<p class=\"has-normal-font-size\"><strong><a rel=\"noreferrer noopener\" href=\"https:\/\/ferraramusica.it\/eventi\/euyo-fischer-heikkila\/\" target=\"_blank\">wednesday 30 March 2022 8:30pm<\/a><\/strong><br>European Union Youth Orchestra<br>Iv\u00e1n Fischer conductor<br>Kreeta-Julia Heikkil\u00e4 violin<br>music by Rautavaara, Sibelius and Bart\u00f3k<\/p>\n\n\n\n<p class=\"has-medium-font-size\">Tickets are available <a rel=\"noreferrer noopener\" href=\"https:\/\/ferraramusicaonline.tm.vivaticket.com\/biglietteria\/listaEventiPub.do?lang=en&amp;tipoPagina=0&amp;idOwner=11213\" target=\"_blank\">online<\/a> and at our ticket office (<a rel=\"noreferrer noopener\" href=\"mailto:biglietteria@ferraramusica.it\" target=\"_blank\">biglietteria@ferraramusica.it<\/a>, 0532 202675).<\/p>\n\n\n\n<p class=\"has-medium-font-size\">See you soon!<\/p>\n\n\n\n<figure class=\"wp-block-image size-large\"><img decoding=\"async\" loading=\"lazy\" width=\"1024\" height=\"584\" src=\"http:\/\/ferraramusica.it\/app\/uploads\/2021\/03\/C_Marco_Caselli_Nirmal-1024x584.jpg\" alt=\"\" class=\"wp-image-284\" srcset=\"https:\/\/ferraramusica.it\/app\/uploads\/2021\/03\/C_Marco_Caselli_Nirmal-1024x584.jpg 1024w, https:\/\/ferraramusica.it\/app\/uploads\/2021\/03\/C_Marco_Caselli_Nirmal-300x171.jpg 300w, https:\/\/ferraramusica.it\/app\/uploads\/2021\/03\/C_Marco_Caselli_Nirmal-768x438.jpg 768w, https:\/\/ferraramusica.it\/app\/uploads\/2021\/03\/C_Marco_Caselli_Nirmal-1536x877.jpg 1536w, https:\/\/ferraramusica.it\/app\/uploads\/2021\/03\/C_Marco_Caselli_Nirmal.jpg 1875w\" sizes=\"(max-width: 1024px) 100vw, 1024px\" \/><figcaption>\u00a9 Marco Caselli Nirmal\/Associazione Ferrara Musica<\/figcaption><\/figure>\n","protected":false},"excerpt":{"rendered":"<p>The European Union Youth Orchestra spring residency is just a few weeks away! We can&#8217;t wait to welcome them in&#8230;<\/p>\n","protected":false},"author":4,"featured_media":323,"comment_status":"closed","ping_status":"open","sticky":false,"template":"","format":"standard","meta":[],"categories":[33,22,88],"tags":[58,68],"acf":[],"_links":{"self":[{"href":"https:\/\/ferraramusica.it\/en\/wp-json\/wp\/v2\/posts\/2791"}],"collection":[{"href":"https:\/\/ferraramusica.it\/en\/wp-json\/wp\/v2\/posts"}],"about":[{"href":"https:\/\/ferraramusica.it\/en\/wp-json\/wp\/v2\/types\/post"}],"author":[{"embeddable":true,"href":"https:\/\/ferraramusica.it\/en\/wp-json\/wp\/v2\/users\/4"}],"replies":[{"embeddable":true,"href":"https:\/\/ferraramusica.it\/en\/wp-json\/wp\/v2\/comments?post=2791"}],"version-history":[{"count":10,"href":"https:\/\/ferraramusica.it\/en\/wp-json\/wp\/v2\/posts\/2791\/revisions"}],"predecessor-version":[{"id":2821,"href":"https:\/\/ferraramusica.it\/en\/wp-json\/wp\/v2\/posts\/2791\/revisions\/2821"}],"wp:featuredmedia":[{"embeddable":true,"href":"https:\/\/ferraramusica.it\/en\/wp-json\/wp\/v2\/media\/323"}],"wp:attachment":[{"href":"https:\/\/ferraramusica.it\/en\/wp-json\/wp\/v2\/media?parent=2791"}],"wp:term":[{"taxonomy":"category","embeddable":true,"href":"https:\/\/ferraramusica.it\/en\/wp-json\/wp\/v2\/categories?post=2791"},{"taxonomy":"post_tag","embeddable":true,"href":"https:\/\/ferraramusica.it\/en\/wp-json\/wp\/v2\/tags?post=2791"}],"curies":[{"name":"wp","href":"https:\/\/api.w.org\/{rel}","templated":true}]}}