{"id":2835,"date":"2022-03-11T11:10:47","date_gmt":"2022-03-11T10:10:47","guid":{"rendered":"http:\/\/ferraramusica.it\/?p=2835"},"modified":"2022-03-11T11:10:48","modified_gmt":"2022-03-11T10:10:48","slug":"euyo-2022-residency-all-the-events","status":"publish","type":"post","link":"https:\/\/ferraramusica.it\/en\/euyo-2022-residency-all-the-events\/","title":{"rendered":"EUYO 2022 residency: all the events"},"content":{"rendered":"\n<p class=\"has-medium-font-size\"><strong>From\u00a0<strong>March 14 to March 30<\/strong><\/strong> the <strong>European Union Youth Orchestra<\/strong> will stay in Ferrara for an intense rehearsal period: a <strong>three week residency<\/strong> during which musicians from all over the European Union will come together to get ready for the spring tour that will bring them to Udine and then to Helsinki.<\/p>\n\n\n\n<p class=\"has-medium-font-size\">In Ferrara EUYO musicians will perform, together with <strong>great conductors and soloists<\/strong>, <strong>two symphonic concerts<\/strong> and one<strong> educational concert<\/strong>, <em>Pi\u00f9 che classica!<\/em>, which has been especially designed to target a curious audience eager to learn about the secrets of music making and the functioning of a great symphony orchestra. <\/p>\n\n\n\n<p class=\"has-medium-font-size\">Here\u2019s a list of all the events (you can\u2019t miss them!):<\/p>\n\n\n\n<p><strong><a rel=\"noreferrer noopener\" href=\"https:\/\/ferraramusica.it\/eventi\/euyo-chan-gabetta\/\" target=\"_blank\">friday 25 March 8:30pm<\/a><\/strong><br>European Union Youth Orchestra<br>Elim Chan conductor<br>Sol Gabetta cello<br>music by Klyne, Weinberg and Rachmaninoff<\/p>\n\n\n\n<p><strong><a rel=\"noreferrer noopener\" href=\"https:\/\/ferraramusica.it\/eventi\/piu-che-classica\/\" target=\"_blank\">sunday 27 March 2022 4pm<\/a><\/strong><br><em>Pi\u00f9 che classica!<\/em><br>European Union Youth Orchestra<br>Peter Stark conductor<br>Fabio Sartorelli presenter<br><em>A guide to the heart of music. A tale about Bartok\u2019s Concerto for orchestra.<\/em>&nbsp;(Event held in italian)<\/p>\n\n\n\n<p><strong><a rel=\"noreferrer noopener\" href=\"https:\/\/ferraramusica.it\/eventi\/euyo-fischer-heikkila\/\" target=\"_blank\">wednesday 30 March 2022 8:30pm<\/a><\/strong><br>European Union Youth Orchestra<br>Iv\u00e1n Fischer conductor<br>Kreeta-Julia Heikkil\u00e4 violin<br>music by Rautavaara, Sibelius and Bart\u00f3k<\/p>\n\n\n\n<p class=\"has-medium-font-size\">We can&#8217;t wait to listen to the beautiful sound of EUYO&#8217;s young players! What about you? <strong>Are you ready?<\/strong> Tickets are available\u00a0<a rel=\"noreferrer noopener\" href=\"https:\/\/ferraramusicaonline.tm.vivaticket.com\/biglietteria\/listaEventiPub.do?lang=en&amp;tipoPagina=0&amp;idOwner=11213\" target=\"_blank\">online<\/a>\u00a0and at our ticket office (<a rel=\"noreferrer noopener\" href=\"mailto:biglietteria@ferraramusica.it\" target=\"_blank\">biglietteria@ferraramusica.it<\/a>, 0532 202675).<\/p>\n\n\n\n<p class=\"has-medium-font-size\">See you soon!<\/p>\n","protected":false},"excerpt":{"rendered":"<p>From\u00a0March 14 to March 30 the European Union Youth Orchestra will stay in Ferrara for an intense rehearsal period: a&#8230;<\/p>\n","protected":false},"author":4,"featured_media":1680,"comment_status":"closed","ping_status":"open","sticky":false,"template":"","format":"standard","meta":[],"categories":[33,22,88,50],"tags":[58,68,70],"acf":[],"_links":{"self":[{"href":"https:\/\/ferraramusica.it\/en\/wp-json\/wp\/v2\/posts\/2835"}],"collection":[{"href":"https:\/\/ferraramusica.it\/en\/wp-json\/wp\/v2\/posts"}],"about":[{"href":"https:\/\/ferraramusica.it\/en\/wp-json\/wp\/v2\/types\/post"}],"author":[{"embeddable":true,"href":"https:\/\/ferraramusica.it\/en\/wp-json\/wp\/v2\/users\/4"}],"replies":[{"embeddable":true,"href":"https:\/\/ferraramusica.it\/en\/wp-json\/wp\/v2\/comments?post=2835"}],"version-history":[{"count":8,"href":"https:\/\/ferraramusica.it\/en\/wp-json\/wp\/v2\/posts\/2835\/revisions"}],"predecessor-version":[{"id":2843,"href":"https:\/\/ferraramusica.it\/en\/wp-json\/wp\/v2\/posts\/2835\/revisions\/2843"}],"wp:featuredmedia":[{"embeddable":true,"href":"https:\/\/ferraramusica.it\/en\/wp-json\/wp\/v2\/media\/1680"}],"wp:attachment":[{"href":"https:\/\/ferraramusica.it\/en\/wp-json\/wp\/v2\/media?parent=2835"}],"wp:term":[{"taxonomy":"category","embeddable":true,"href":"https:\/\/ferraramusica.it\/en\/wp-json\/wp\/v2\/categories?post=2835"},{"taxonomy":"post_tag","embeddable":true,"href":"https:\/\/ferraramusica.it\/en\/wp-json\/wp\/v2\/tags?post=2835"}],"curies":[{"name":"wp","href":"https:\/\/api.w.org\/{rel}","templated":true}]}}